{"id":732,"date":"2020-10-08T17:28:38","date_gmt":"2020-10-08T20:28:38","guid":{"rendered":"https:\/\/consmendoza.esteri.it\/news\/dal_consolato\/2020\/10\/carasdeitalia-omaggio-ad-amedeo-2\/"},"modified":"2020-10-08T17:28:38","modified_gmt":"2020-10-08T20:28:38","slug":"carasdeitalia-omaggio-ad-amedeo-2","status":"publish","type":"post","link":"https:\/\/consmendoza.esteri.it\/es\/news\/dal_consolato\/2020\/10\/carasdeitalia-omaggio-ad-amedeo-2\/","title":{"rendered":"CARAsdeITALIA &#8211; Homenaje a Amadeo Modigliani &#8211; VIDEO"},"content":{"rendered":"<p style=\"text-align: center;\"><img loading=\"lazy\" decoding=\"async\" width=\"1140\" height=\"641\" style=\"width: 612px; height: 148px;\" alt=\"caras de italia entrega 28mayo 03 baja\" src=\"resource\/img\/2020\/10\/caras-de-italia-entrega-28mayo-03_-_baja.jpg\" \/><\/p>\n<p style=\"text-align: center;\"><strong>CARAsdeITALIA &#8211;\u00a0Homenaje a\u00a0Amadeo Modigliani &#8211; VIDEO<\/strong><\/p>\n<p style=\"text-align: center;\"><em>\u00abTu verdadero deber es salvar tu sue\u00f1o. La belleza tambi\u00e9n tiene deberes dolorosos: sin embargo, crean los esfuerzos m\u00e1s hermosos del alma\u00bb (Amadeo Modigliani).<\/em><\/p>\n<p style=\"text-align: center;\">\u00a0<\/p>\n<p>En el marco\u00a0del ciclo de arte, cultura y ciencia<strong> \u00abCARAsdeITALIA\u00bb<\/strong> presentado por nuestra <strong>Embajada de Italia en Argentina<\/strong>, presentamos un homenaje al gran artista Amadeo Modigliani en el centenario de su muerte, ocurrida en Francia en 1920. Uno de los protagonistas del \u00abser, pensar\u00a0y crear a la italiana \u00ab<\/p>\n<p>\u00a1Nos pueden seguir\u00a0tambi\u00e9n en <a href=\"https:\/\/twitter.com\/ItaliaEnMendoza\"><strong>Twitter<\/strong><\/a> para no perder las actualizaciones!<\/p>\n<p>Para ver el video, haga\u00a0<strong><a href=\"https:\/\/www.youtube.com\/watch?v=cbPApk93zCk&#038;feature=youtu.be\">clic aqu\u00ed<\/a><\/strong><\/p>\n<p>\u00a0<\/p>\n<p><img loading=\"lazy\" decoding=\"async\" width=\"1280\" height=\"1279\" style=\"width: 714px; height: 823px;\" alt=\"modiggg\" src=\"resource\/img\/2020\/10\/modiggg.jpeg\" \/><\/p>\n<p>\u00a0<\/p>\n<p>\u00a0<\/p>\n<p>\u00a0<\/p>\n<p>\u00a0<\/p>\n","protected":false},"excerpt":{"rendered":"CARAsdeITALIA &#8211;\u00a0Homenaje a\u00a0Amadeo Modigliani &#8211; VIDEO \u00abTu verdadero deber es salvar tu sue\u00f1o. La belleza tambi\u00e9n tiene deberes dolorosos: sin embargo, crean los esfuerzos m\u00e1s hermosos del alma\u00bb (Amadeo Modigliani). \u00a0 En el marco\u00a0del ciclo de arte, cultura y ciencia \u00abCARAsdeITALIA\u00bb presentado por nuestra Embajada de Italia en Argentina, presentamos un homenaje al gran artista [&hellip;]","protected":false},"author":1,"featured_media":0,"comment_status":"","ping_status":"","sticky":false,"template":"","format":"standard","meta":{"footnotes":""},"tags":[],"class_list":["post-732","post","type-post","status-publish","format-standard","hentry"],"_links":{"self":[{"href":"https:\/\/consmendoza.esteri.it\/es\/wp-json\/wp\/v2\/posts\/732","targetHints":{"allow":["GET"]}}],"collection":[{"href":"https:\/\/consmendoza.esteri.it\/es\/wp-json\/wp\/v2\/posts"}],"about":[{"href":"https:\/\/consmendoza.esteri.it\/es\/wp-json\/wp\/v2\/types\/post"}],"author":[{"embeddable":true,"href":"https:\/\/consmendoza.esteri.it\/es\/wp-json\/wp\/v2\/users\/1"}],"replies":[{"embeddable":true,"href":"https:\/\/consmendoza.esteri.it\/es\/wp-json\/wp\/v2\/comments?post=732"}],"version-history":[{"count":0,"href":"https:\/\/consmendoza.esteri.it\/es\/wp-json\/wp\/v2\/posts\/732\/revisions"}],"wp:attachment":[{"href":"https:\/\/consmendoza.esteri.it\/es\/wp-json\/wp\/v2\/media?parent=732"}],"wp:term":[{"taxonomy":"post_tag","embeddable":true,"href":"https:\/\/consmendoza.esteri.it\/es\/wp-json\/wp\/v2\/tags?post=732"}],"curies":[{"name":"wp","href":"https:\/\/api.w.org\/{rel}","templated":true}]}}