{"id":783,"date":"2020-06-05T16:54:12","date_gmt":"2020-06-05T19:54:12","guid":{"rendered":"https:\/\/consmendoza.esteri.it\/news\/dal_consolato\/2020\/06\/hecho-en-mendoza-intervista-il-2\/"},"modified":"2020-06-05T16:54:12","modified_gmt":"2020-06-05T19:54:12","slug":"hecho-en-mendoza-intervista-il-2","status":"publish","type":"post","link":"https:\/\/consmendoza.esteri.it\/es\/news\/dal_consolato\/2020\/06\/hecho-en-mendoza-intervista-il-2\/","title":{"rendered":"\u00abHecho en Mendoza\u00bb entrevista al C\u00f3nsul de Italia en Mendoza Piero Vaira."},"content":{"rendered":"<p>El c\u00f3nsul Piero Vaira fue entrevistado por los periodistas de \u00abHecho en Mendoza\u00bb del Canal 7 a pro\u00f3sito del reciente aniversario n\u00famero 74\u00ba D\u00eda de la Rep\u00fablica Italiana y el impacto del Covid-19 en la realizaci\u00f3n del trabajo consular.<\/p>\n<p>Se convers\u00f3 sobre las medidas adoptadas para el retorno de las actividades, la reprogramaci\u00f3n de turnos y el consiguiente reinicio, de conformidad con los protocolos de seguridad en inter\u00e9s de los usuarios y del personal.<\/p>\n<p>El programa se transmitir\u00e1 el domingo 14 de junio a las 10:30am. por el Canal 7. <\/p>\n<p>Este Consulado aprovecha la ocasi\u00f3n para agradecer la disponibilidad y profesionalidad de los periodistas de Canal 7 presentes en el Consulado.<\/p>\n<p>\u00a0<\/p>\n<p><img loading=\"lazy\" decoding=\"async\" src=\"resource\/img\/2020\/06\/whatsapp_image_2020-06-05_at_11.41.30.jpeg\" alt=\"whatsapp image 2020 06 05 at 11.41.30\" width=\"697\" height=\"930\" \/><\/p>\n","protected":false},"excerpt":{"rendered":"El c\u00f3nsul Piero Vaira fue entrevistado por los periodistas de \u00abHecho en Mendoza\u00bb del Canal 7 a pro\u00f3sito del reciente aniversario n\u00famero 74\u00ba D\u00eda de la Rep\u00fablica Italiana y el impacto del Covid-19 en la realizaci\u00f3n del trabajo consular. Se convers\u00f3 sobre las medidas adoptadas para el retorno de las actividades, la reprogramaci\u00f3n de turnos [&hellip;]","protected":false},"author":1,"featured_media":0,"comment_status":"","ping_status":"","sticky":false,"template":"","format":"standard","meta":{"footnotes":""},"tags":[],"class_list":["post-783","post","type-post","status-publish","format-standard","hentry"],"_links":{"self":[{"href":"https:\/\/consmendoza.esteri.it\/es\/wp-json\/wp\/v2\/posts\/783","targetHints":{"allow":["GET"]}}],"collection":[{"href":"https:\/\/consmendoza.esteri.it\/es\/wp-json\/wp\/v2\/posts"}],"about":[{"href":"https:\/\/consmendoza.esteri.it\/es\/wp-json\/wp\/v2\/types\/post"}],"author":[{"embeddable":true,"href":"https:\/\/consmendoza.esteri.it\/es\/wp-json\/wp\/v2\/users\/1"}],"replies":[{"embeddable":true,"href":"https:\/\/consmendoza.esteri.it\/es\/wp-json\/wp\/v2\/comments?post=783"}],"version-history":[{"count":0,"href":"https:\/\/consmendoza.esteri.it\/es\/wp-json\/wp\/v2\/posts\/783\/revisions"}],"wp:attachment":[{"href":"https:\/\/consmendoza.esteri.it\/es\/wp-json\/wp\/v2\/media?parent=783"}],"wp:term":[{"taxonomy":"post_tag","embeddable":true,"href":"https:\/\/consmendoza.esteri.it\/es\/wp-json\/wp\/v2\/tags?post=783"}],"curies":[{"name":"wp","href":"https:\/\/api.w.org\/{rel}","templated":true}]}}