{"id":802,"date":"2020-05-14T15:15:10","date_gmt":"2020-05-14T18:15:10","guid":{"rendered":"https:\/\/consmendoza.esteri.it\/news\/dal_consolato\/2020\/05\/la-delegazione-dell-unione-europea-2\/"},"modified":"2020-05-14T15:15:10","modified_gmt":"2020-05-14T18:15:10","slug":"la-delegazione-dell-unione-europea-2","status":"publish","type":"post","link":"https:\/\/consmendoza.esteri.it\/es\/news\/dal_consolato\/2020\/05\/la-delegazione-dell-unione-europea-2\/","title":{"rendered":"Convocatorias de la UE a para presentar proyectos, dirigidas a ONG y organizaciones de la sociedad civil argentinas y europeas"},"content":{"rendered":"<p>La Uni\u00f3n Europea lanza <strong>dos nuevas convocatorias<\/strong> que beneficiar\u00e1n a organizaciones de la sociedad civil y los derechos humanos de las comunidades mas vulnerables.<\/p>\n<p>A trav\u00e9s de los siguientes enlaces podr\u00e1n encontrar toda la informaci\u00f3n relacionada con las condiciones de aplicaci\u00f3n de dichas convocatorias, incluyendo los correos de contacto donde eventualmente puedan dirigir sus consultas.<\/p>\n<p>Se reciben propuestas hasta el 15 de julio para ambas convocatorias.<\/p>\n<p><strong>A continuaci\u00f3n las convocatoria de propuestas:<\/strong><\/p>\n<p><strong>1)<\/strong> Una convocatoria a la cual pueden aplicar organizaciones de la sociedad civil argentina y que prev\u00e9 la subvenci\u00f3n de entre el 65% y el 90% del total de los costes subvencionables de la acci\u00f3n.<\/p>\n<p><strong>M\u00e1s info\u00a0<a href=\"https:\/\/webgate.ec.europa.eu\/europeaid\/online-services\/index.cfm?ADSSChck=1589223047745&#038;do=publi.detPUB&#038;aoref=169021&#038;orderby=upd&#038;orderbyad=Desc&#038;zgeo=35362&#038;page=1&#038;nbPubliList=15&#038;debpub=&#038;searchtype=AS&#038;userlanguage=es\">AQU\u00cd<\/a><\/strong><\/p>\n<p>\u00a0<\/p>\n<p><img loading=\"lazy\" decoding=\"async\" src=\"resource\/img\/2020\/05\/news_-_12-05-2020_-_ue2.jpg\" alt=\"news 12 05 2020 ue2\" width=\"312\" height=\"253\" \/><\/p>\n<p>\u00a0<\/p>\n<p><strong>2)<\/strong>\u00a0Una convocatoria en l\u00ednea con el Instrumento Europeo de Democracia y Derechos Humanos, para promover los derechos humanos de las comunidades m\u00e1s vulnerables del pa\u00eds, que prev\u00e9 la subvenci\u00f3n de entre el 65% y el 100% del total de los costes subvencionables de la acci\u00f3n.<\/p>\n<p><strong>M\u00e1s info\u00a0<a href=\"https:\/\/webgate.ec.europa.eu\/europeaid\/online-services\/index.cfm?ADSSChck=1589223524604&#038;do=publi.detPUB&#038;searchtype=AS&#038;zgeo=35362&#038;debpub=&#038;orderby=upd&#038;orderbyad=Desc&#038;nbPubliList=15&#038;page=1&#038;aoref=169054\">AQU\u00cd<\/a><\/strong><\/p>\n<p>\u00a0<\/p>\n<p><img loading=\"lazy\" decoding=\"async\" src=\"resource\/img\/2020\/05\/news_-_12-05-2020_-_ue.jpg\" alt=\"news 12 05 2020 ue\" width=\"312\" height=\"199\" \/><\/p>\n","protected":false},"excerpt":{"rendered":"La Uni\u00f3n Europea lanza dos nuevas convocatorias que beneficiar\u00e1n a organizaciones de la sociedad civil y los derechos humanos de las comunidades mas vulnerables. A trav\u00e9s de los siguientes enlaces podr\u00e1n encontrar toda la informaci\u00f3n relacionada con las condiciones de aplicaci\u00f3n de dichas convocatorias, incluyendo los correos de contacto donde eventualmente puedan dirigir sus consultas. [&hellip;]","protected":false},"author":1,"featured_media":0,"comment_status":"","ping_status":"","sticky":false,"template":"","format":"standard","meta":{"footnotes":""},"tags":[],"class_list":["post-802","post","type-post","status-publish","format-standard","hentry"],"_links":{"self":[{"href":"https:\/\/consmendoza.esteri.it\/es\/wp-json\/wp\/v2\/posts\/802","targetHints":{"allow":["GET"]}}],"collection":[{"href":"https:\/\/consmendoza.esteri.it\/es\/wp-json\/wp\/v2\/posts"}],"about":[{"href":"https:\/\/consmendoza.esteri.it\/es\/wp-json\/wp\/v2\/types\/post"}],"author":[{"embeddable":true,"href":"https:\/\/consmendoza.esteri.it\/es\/wp-json\/wp\/v2\/users\/1"}],"replies":[{"embeddable":true,"href":"https:\/\/consmendoza.esteri.it\/es\/wp-json\/wp\/v2\/comments?post=802"}],"version-history":[{"count":0,"href":"https:\/\/consmendoza.esteri.it\/es\/wp-json\/wp\/v2\/posts\/802\/revisions"}],"wp:attachment":[{"href":"https:\/\/consmendoza.esteri.it\/es\/wp-json\/wp\/v2\/media?parent=802"}],"wp:term":[{"taxonomy":"post_tag","embeddable":true,"href":"https:\/\/consmendoza.esteri.it\/es\/wp-json\/wp\/v2\/tags?post=802"}],"curies":[{"name":"wp","href":"https:\/\/api.w.org\/{rel}","templated":true}]}}