{"id":817,"date":"2020-04-29T02:31:24","date_gmt":"2020-04-29T05:31:24","guid":{"rendered":"https:\/\/consmendoza.esteri.it\/news\/dal_consolato\/2020\/04\/covid-19-coronavirus-aggiornamenti_0-2\/"},"modified":"2020-04-29T02:31:24","modified_gmt":"2020-04-29T05:31:24","slug":"covid-19-coronavirus-aggiornamenti_0-2","status":"publish","type":"post","link":"https:\/\/consmendoza.esteri.it\/es\/news\/dal_consolato\/2020\/04\/covid-19-coronavirus-aggiornamenti_0-2\/","title":{"rendered":"COVID-19 \u00abCORONAVIRUS\u00bb &#8211; INFORMACI\u00d3N DESDE ARGENTINA"},"content":{"rendered":"<p><a href=\"https:\/\/www.youtube.com\/watch?v=9Fzouf_NKt0\"><strong>MENSAJE DEL EMBAJADOR GIUSEPPE MANZO<\/strong><\/a><\/p>\n<p>\u00a0<\/p>\n<p><strong>INFORMACI\u00d3N DESDE ITALIA<\/strong><\/p>\n<p><strong>*Regreso a Italia:<\/strong> \u00bfSos un ciudadano italiano que se encuentra temporalmente en Argentina por razones de turismo o de trabajo y tu vuelo de regreso a Italia es posterior al 16\/03\/2020 o fue cancelado? Te rogamos que:<\/p>\n<p>te dirijas al sitio web del Ministerio de Asuntos Exteriores y Cooperaci\u00f3n Internacional de Italia, secci\u00f3n <a href=\"https:\/\/www.alitalia.com\/it_it\/volare-alitalia\/voli-speciali.html\">\u00abvuelos especiales\u00bb <\/a>para eventuales modificaciones y reservas de pasajes a\u00e9reos para vuelos de repatriaci\u00f3n disponibles;por asistencia o cuestiones consulares, contactes al Consulado General de Italia a las siguientes direcciones de correo electr\u00f3nico: segreteria.mendoza@esteri.it o bien al celular de emergencia 261 559 0570 (desde el exterior:+54 9 261 559 0570); al regresar a Italia te invitamos a leer con especial atenci\u00f3n la siguiente informaci\u00f3n: <a href=\"https:\/\/www.esteri.it\/mae\/it\/ministero\/normativaonline\/decreto-iorestoacasa-domande-frequenti\/focus-ciudadanos-italiano-que-vuelven-a-italia-y-extranjeros-en-italia.html\">Focus &#8211; Ciudadanos italianos que vuelven a Italia y extranjeros en Italia.<\/a><\/p>\n<p>* DCPM del 9 de marzo de 2020 #IoRestoaCasa (\u201cYo me quedo en casa\u201d): <a href=\"https:\/\/www.esteri.it\/mae\/it\/ministero\/normativaonline\/decreto-iorestoacasa-domande-frequenti\/decreto-iorestoacasa-yo-me-quedo-en-casa-preguntas-frecuentes-sobre-las-medidas-adoptadas-por-el-gobierno.html\">FAQ &#8211; preguntas frecuentes sobre las medidas adoptadas por el Gobierno italiano (10.03.2020)<\/a><\/p>\n<p>*La informaci\u00f3n actualizada sobre los viajes al exterior se encuentra disponible en el <a href=\"http:\/\/www.viaggiaresicuri.it\/documenti\/FOCUS%20CORONAVIRUS.pdf\">Focus Informativo de la Unidad de Crisis.<\/a><\/p>\n<p>*Toda la informaci\u00f3n actualizada sobre la situaci\u00f3n en Italia podr\u00e1 ser consultada en el sitio web del <a href=\"http:\/\/www.salute.gov.it\/nuovocoronavirus\">Ministero della Salute italiano<\/a>, en la secci\u00f3n \u00abNuovo Coronavirus\u00bb.<\/p>\n<p>\u00a0<\/p>\n<p><strong>INFORMACI\u00d3N DESDE ARGENTINA<\/strong><\/p>\n<p>*En fecha 26 de abril de 2020 las Autoridades locales anunciaron una nueva <strong>pr\u00f3rroga del aislamiento social preventivo y obligatorio<\/strong> en todo el territorio argentino vigente desde el 20 de marzo, <strong>hasta el 10 de mayo inclusive<\/strong>: <a href=\"https:\/\/www.boletinoficial.gob.ar\/detalleAviso\/primera\/228261\/20200426\">Decreto de Necesidad y Urgencia n. 408\/2020.<\/a><\/p>\n<p>*En fecha 10 de abril de 2020 las Autoridades locales anunciaron una nueva pr\u00f3rroga del aislamiento social preventivo y obligatorio en todo el territorio argentino vigente desde el 20 de marzo, <strong>hasta el 26 de abril inclusive<\/strong>: <a href=\"https:\/\/www.boletinoficial.gob.ar\/detalleAviso\/primera\/227694\/20200411\">Decreto de Necesidad y Urgencia n. 355\/2020.<\/a><\/p>\n<p>Se estableci\u00f3, tambi\u00e9n, a partir del 15 de abril en la Ciudad Aut\u00f3noma de Buenos Aires, el uso de dispositivos de protecci\u00f3n que cubran boca, ment\u00f3n y nar\u00edz, obligatorios en ambientes cerrados y en medios de transporte p\u00fablicos, y sugeridos tambi\u00e9n en ambientes abiertos: <a href=\"https:\/\/documentosboletinoficial.buenosaires.gob.ar\/publico\/ck_PE-RES-MJGGC-MSGC-MDEPGC-MJYSGC-MJGGC-15-20-5846.pdf\">Resoluci\u00f3n conjunta n. 15\/MJGGC\/20.15\/MJGGC\/20.<\/a><\/p>\n<p>*Las Autoridades argentinas han anunciado el <strong>aislamiento social preventivo y obligatorio<\/strong> en todo el territorio argentino por un periodo inicial de 12 d\u00edas, del 20 al 31 de marzo inclusive prorrogado, el 29 de marzo, <strong>hasta 12 de abril inclusive<\/strong>. La norma que lo dispone es el <a href=\"https:\/\/www.boletinoficial.gob.ar\/detalleAviso\/primera\/227042\/20200320\">Decreto de Necesidad y Urgencia n.297\/2020 <\/a>que establece que solo se podr\u00e1n realizar desplazamientos m\u00ednimos e indispensables para aprovisionarse de art\u00edculos de limpieza, medicamentos y alimentos. Cualquier otro tipo de desplazamientos est\u00e1 prohibido.<\/p>\n<p>*Las Autoridades argentinas han anunciado el 19 de marzo de 2020 el aislamiento social preventivo y obligatorio a partir del 20 de marzo pr\u00f3ximo que impone a las personas permanecer en sus residencias habituales o en la residencia en que se encuentren hasta el pr\u00f3ximo 31 de marzo con las excepciones indicadas en el <a href=\"https:\/\/www.boletinoficial.gob.ar\/detalleAviso\/primera\/227042\/20200320\">Decreto de Necesidad y Urgencia n. 297\/2020.<\/a><\/p>\n<p>*El 12 de marzo fueron anunciadas nuevas medidas para mitigar la propagaci\u00f3n del Codiv-19 establecidas en el <a href=\"https:\/\/www.boletinoficial.gob.ar\/suplementos\/2020031201NS.pdf\">Decreto de Necesidad y Urgencia n. 260\/2020<\/a> del cual se resumen sus principales puntos:<\/p>\n<p>Aislamiento obligatorio &#8211; penalmente sancionable \u2013 durante 14 d\u00edas para todos Quienes arriben al pa\u00eds habiendo transitado por \u201czonas afectadas\u201d por el virus (Estados miembros de la Uni\u00f3n Europea, miembros del Espacio Schengen, Reino Unido de Gran Breta\u00f1a e Irlanda del Norte, Estados Unidos de Am\u00e9rica, Rep\u00fablica de Corea, Estado del Jap\u00f3n, Rep\u00fablica Popular China y Rep\u00fablica Isl\u00e1mica de Ir\u00e1n);Aislamiento obligatorio para quienes revistan la condici\u00f3n de \u201ccasos sospechosos\u201d o posean confirmaci\u00f3n m\u00e9dica de haber contra\u00eddo el COVID \u2013 19;Aislamiento obligatorio para quienes arriben al pa\u00eds habiendo transitado por \u201czonas afectadas\u201d. Estas personas deber\u00e1n tambi\u00e9n brindar informaci\u00f3n sobre su itinerario y su domicilio;Obligaci\u00f3n de la poblaci\u00f3n de reportar s\u00edntomas compatibles con COVID -19;Suspensi\u00f3n de los vuelos internacionales de pasajeros provenientes de las \u201czonas afectadas\u201d, durante el plazo de TREINTA (30);No podr\u00e1n permanecer en el territorio nacional los extranjeros no residentes en el pa\u00eds que no den cumplimiento a la normativa sobre aislamiento obligatorio y a las medidas sanitarias vigentes;Podr\u00e1 disponerse la suspensi\u00f3n de todos los eventos masivos \u2013 como espect\u00e1culos p\u00fablicos \u2013 y el cierre de museos, centros deportivos, salas de juego piscinas, restaurantes y otros sitios de acceso p\u00fablico;El jefe de Gabinete podr\u00e1 redistribuir fondos p\u00fablicos para destinarlos a la emergencia coordinando su empleo, habilitando al mismo tiempo a los respectivos ministerios (salud, transporte, interior, educaci\u00f3n, trabajo, turismo y deportes, desarrollo social, defensa, Relaciones Exteriores) a tomar todas las medidas necesarias, en las distintas \u00e1reas de competencia, para afrontar la emergencia.<\/p>\n<p>*Se ruega, asimismo, consultar con atenci\u00f3n el <a href=\"https:\/\/www.argentina.gob.ar\/salud\/coronavirus-COVID-19\">link del Ministerio de Salud argentino<\/a> y de seguir continuamente las indicaciones oficiales de las Autoridades argentinas.<\/p>\n","protected":false},"excerpt":{"rendered":"MENSAJE DEL EMBAJADOR GIUSEPPE MANZO \u00a0 INFORMACI\u00d3N DESDE ITALIA *Regreso a Italia: \u00bfSos un ciudadano italiano que se encuentra temporalmente en Argentina por razones de turismo o de trabajo y tu vuelo de regreso a Italia es posterior al 16\/03\/2020 o fue cancelado? Te rogamos que: te dirijas al sitio web del Ministerio de Asuntos [&hellip;]","protected":false},"author":1,"featured_media":0,"comment_status":"","ping_status":"","sticky":false,"template":"","format":"standard","meta":{"footnotes":""},"tags":[],"class_list":["post-817","post","type-post","status-publish","format-standard","hentry"],"_links":{"self":[{"href":"https:\/\/consmendoza.esteri.it\/es\/wp-json\/wp\/v2\/posts\/817","targetHints":{"allow":["GET"]}}],"collection":[{"href":"https:\/\/consmendoza.esteri.it\/es\/wp-json\/wp\/v2\/posts"}],"about":[{"href":"https:\/\/consmendoza.esteri.it\/es\/wp-json\/wp\/v2\/types\/post"}],"author":[{"embeddable":true,"href":"https:\/\/consmendoza.esteri.it\/es\/wp-json\/wp\/v2\/users\/1"}],"replies":[{"embeddable":true,"href":"https:\/\/consmendoza.esteri.it\/es\/wp-json\/wp\/v2\/comments?post=817"}],"version-history":[{"count":0,"href":"https:\/\/consmendoza.esteri.it\/es\/wp-json\/wp\/v2\/posts\/817\/revisions"}],"wp:attachment":[{"href":"https:\/\/consmendoza.esteri.it\/es\/wp-json\/wp\/v2\/media?parent=817"}],"wp:term":[{"taxonomy":"post_tag","embeddable":true,"href":"https:\/\/consmendoza.esteri.it\/es\/wp-json\/wp\/v2\/tags?post=817"}],"curies":[{"name":"wp","href":"https:\/\/api.w.org\/{rel}","templated":true}]}}