{"id":898,"date":"2019-11-06T20:36:49","date_gmt":"2019-11-06T23:36:49","guid":{"rendered":"https:\/\/consmendoza.esteri.it\/news\/dal_consolato\/2019\/11\/stefano-mancuso-in-concerto-insieme-2\/"},"modified":"2019-11-06T20:36:49","modified_gmt":"2019-11-06T23:36:49","slug":"stefano-mancuso-in-concerto-insieme-2","status":"publish","type":"post","link":"https:\/\/consmendoza.esteri.it\/es\/news\/dal_consolato\/2019\/11\/stefano-mancuso-in-concerto-insieme-2\/","title":{"rendered":"STEFANO MANCUSO EN CONCIERTO JUNTO A LA ORQUESTA SINFONICA DE LA UNCUYO"},"content":{"rendered":"<p><img loading=\"lazy\" decoding=\"async\" src=\"resource\/img\/2019\/11\/mancuso1.jpg\" alt=\"mancuso1\" width=\"381\" height=\"200\" \/><\/p>\n<p>\u00a0<\/p>\n<p>Este viernes 8 de noviembre a las 21.30, en la Nave Universitaria de la UNCUYO se realizar\u00e1 un concierto con la participaci\u00f3n<br \/>del pianista italiano Stefano Mancuso bajo la direcci\u00f3n del director mendocino Pablo Herrero Pondal, junto con la compa\u00f1\u00eda de la Orquesta Sinf\u00f3nica de la Universidad Nacional de Cuyo.<\/p>\n<p>En la primera parte se interpretar\u00e1 el Concierto para piano y orquesta op. 37 n\u00ba 3 de Beethoven. A continuaci\u00f3n, subir\u00e1n a escena los 80 integrantes del Coro de Ni\u00f1os y J\u00f3venes de la UNCUYO para interpretar la Misa para los Ni\u00f1os de John Rutter con motivo de celebrar el 45\u00ba aniversario del organismo coral. Entradas disponibles en <a href=\"http:\/\/www.entradaweb.com\">www.entradaweb.com<\/a> y en la boleter\u00eda de la Nave Universitaria de 17.30 a 22.00<\/p>\n<p>\u00a0<\/p>\n<p><img loading=\"lazy\" decoding=\"async\" style=\"float: right;\" src=\"resource\/img\/2019\/11\/locandina1.jpg\" alt=\"locandina1\" width=\"514\" height=\"400\" \/><\/p>\n","protected":false},"excerpt":{"rendered":"\u00a0 Este viernes 8 de noviembre a las 21.30, en la Nave Universitaria de la UNCUYO se realizar\u00e1 un concierto con la participaci\u00f3ndel pianista italiano Stefano Mancuso bajo la direcci\u00f3n del director mendocino Pablo Herrero Pondal, junto con la compa\u00f1\u00eda de la Orquesta Sinf\u00f3nica de la Universidad Nacional de Cuyo. En la primera parte se [&hellip;]","protected":false},"author":1,"featured_media":0,"comment_status":"","ping_status":"","sticky":false,"template":"","format":"standard","meta":{"footnotes":""},"tags":[],"class_list":["post-898","post","type-post","status-publish","format-standard","hentry"],"_links":{"self":[{"href":"https:\/\/consmendoza.esteri.it\/es\/wp-json\/wp\/v2\/posts\/898","targetHints":{"allow":["GET"]}}],"collection":[{"href":"https:\/\/consmendoza.esteri.it\/es\/wp-json\/wp\/v2\/posts"}],"about":[{"href":"https:\/\/consmendoza.esteri.it\/es\/wp-json\/wp\/v2\/types\/post"}],"author":[{"embeddable":true,"href":"https:\/\/consmendoza.esteri.it\/es\/wp-json\/wp\/v2\/users\/1"}],"replies":[{"embeddable":true,"href":"https:\/\/consmendoza.esteri.it\/es\/wp-json\/wp\/v2\/comments?post=898"}],"version-history":[{"count":0,"href":"https:\/\/consmendoza.esteri.it\/es\/wp-json\/wp\/v2\/posts\/898\/revisions"}],"wp:attachment":[{"href":"https:\/\/consmendoza.esteri.it\/es\/wp-json\/wp\/v2\/media?parent=898"}],"wp:term":[{"taxonomy":"post_tag","embeddable":true,"href":"https:\/\/consmendoza.esteri.it\/es\/wp-json\/wp\/v2\/tags?post=898"}],"curies":[{"name":"wp","href":"https:\/\/api.w.org\/{rel}","templated":true}]}}