{"id":902,"date":"2019-10-28T17:18:51","date_gmt":"2019-10-28T20:18:51","guid":{"rendered":"https:\/\/consmendoza.esteri.it\/news\/dal_consolato\/2019\/10\/proficua-riunione-di-lavoro-con-2\/"},"modified":"2019-10-28T17:18:51","modified_gmt":"2019-10-28T20:18:51","slug":"proficua-riunione-di-lavoro-con-2","status":"publish","type":"post","link":"https:\/\/consmendoza.esteri.it\/es\/news\/dal_consolato\/2019\/10\/proficua-riunione-di-lavoro-con-2\/","title":{"rendered":"PRODUCTIVA REUNI\u00d3N DE TRABAJO CON LA RED CONSULAR HONORARIA"},"content":{"rendered":"<p>Se mantuvo la primer reuni\u00f3n de trabajo del C\u00f3nsul Vaira y sus colaboradores en los distintos sectores con los Vicec\u00f3nsules y Corresponsales Consulares Honorarios de la circunscripci\u00f3n de Mendoza. El encuentro realizado en el Consulado ha sido la ocasi\u00f3n para cementar un \u201cEsp\u00edritu de Escuadra\u201d y promover una m\u00e1s estrecha colaboraci\u00f3n en la erogaci\u00f3n de los servicios consulares<br \/>tambi\u00e9n en las m\u00e1s alejadas localidades de la regi\u00f3n de Cuyo.<\/p>\n<p>Participaron de la reuni\u00f3n los Vicec\u00f3nsules de San Rafael y de San Juan, los corresponsales de San Luis y de Villa Mercedes. De Mendoza estuvieron presentes los corresponsales de San Martin y de Maip\u00fa.<\/p>\n<p>Se trataron a su vez las actividades dedicadas a la promoci\u00f3n de la lengua y la cultura italianas motivo de intercambio y de inter\u00e9s, en particular a la luz de la creciente demanda de colaboraci\u00f3n en los sectores del turismo, educaci\u00f3n, ciencia y tecnolog\u00eda.<\/p>\n<p><img loading=\"lazy\" decoding=\"async\" width=\"333\" height=\"250\" alt=\"img 2763\" src=\"resource\/img\/2019\/10\/img_2763.jpg\" \/>\u00a0 <img loading=\"lazy\" decoding=\"async\" width=\"333\" height=\"250\" alt=\"img 2759\" src=\"resource\/img\/2019\/10\/img_2759.jpg\" \/><\/p>\n","protected":false},"excerpt":{"rendered":"Se mantuvo la primer reuni\u00f3n de trabajo del C\u00f3nsul Vaira y sus colaboradores en los distintos sectores con los Vicec\u00f3nsules y Corresponsales Consulares Honorarios de la circunscripci\u00f3n de Mendoza. El encuentro realizado en el Consulado ha sido la ocasi\u00f3n para cementar un \u201cEsp\u00edritu de Escuadra\u201d y promover una m\u00e1s estrecha colaboraci\u00f3n en la erogaci\u00f3n de [&hellip;]","protected":false},"author":1,"featured_media":0,"comment_status":"","ping_status":"","sticky":false,"template":"","format":"standard","meta":{"footnotes":""},"tags":[],"class_list":["post-902","post","type-post","status-publish","format-standard","hentry"],"_links":{"self":[{"href":"https:\/\/consmendoza.esteri.it\/es\/wp-json\/wp\/v2\/posts\/902","targetHints":{"allow":["GET"]}}],"collection":[{"href":"https:\/\/consmendoza.esteri.it\/es\/wp-json\/wp\/v2\/posts"}],"about":[{"href":"https:\/\/consmendoza.esteri.it\/es\/wp-json\/wp\/v2\/types\/post"}],"author":[{"embeddable":true,"href":"https:\/\/consmendoza.esteri.it\/es\/wp-json\/wp\/v2\/users\/1"}],"replies":[{"embeddable":true,"href":"https:\/\/consmendoza.esteri.it\/es\/wp-json\/wp\/v2\/comments?post=902"}],"version-history":[{"count":0,"href":"https:\/\/consmendoza.esteri.it\/es\/wp-json\/wp\/v2\/posts\/902\/revisions"}],"wp:attachment":[{"href":"https:\/\/consmendoza.esteri.it\/es\/wp-json\/wp\/v2\/media?parent=902"}],"wp:term":[{"taxonomy":"post_tag","embeddable":true,"href":"https:\/\/consmendoza.esteri.it\/es\/wp-json\/wp\/v2\/tags?post=902"}],"curies":[{"name":"wp","href":"https:\/\/api.w.org\/{rel}","templated":true}]}}