{"id":907,"date":"2019-10-02T21:43:31","date_gmt":"2019-10-03T00:43:31","guid":{"rendered":"https:\/\/consmendoza.esteri.it\/news\/dal_consolato\/2019\/10\/caloroso-incontro-con-il-governatore-2\/"},"modified":"2019-10-02T21:43:31","modified_gmt":"2019-10-03T00:43:31","slug":"caloroso-incontro-con-il-governatore-2","status":"publish","type":"post","link":"https:\/\/consmendoza.esteri.it\/es\/news\/dal_consolato\/2019\/10\/caloroso-incontro-con-il-governatore-2\/","title":{"rendered":"AFECTUOSO ENCUENTRO CON EL GOBERNADOR DE MENDOZA"},"content":{"rendered":"<p>\u00a0<\/p>\n<p><img loading=\"lazy\" decoding=\"async\" style=\"vertical-align: bottom;\" src=\"resource\/img\/2019\/10\/foto_incontro.png\" alt=\"foto incontro\" width=\"902\" height=\"300\" \/><\/p>\n<p>Esta ma\u00f1ana en Casa de Gobierno se mantuvo el primer encuentro oficial entre el C\u00f3nsul Piero Vaira y el Gobernador de Mendoza Alfredo Cornejo. De la reuni\u00f3n participaron el Ministro de Gobierno Lisandro Nieri y la Ministra de Hacienda Mar\u00eda Paula Allasino. Se profundizaron temas de cooperaci\u00f3n y de amistad rec\u00edprocas.<\/p>\n","protected":false},"excerpt":{"rendered":"\u00a0 Esta ma\u00f1ana en Casa de Gobierno se mantuvo el primer encuentro oficial entre el C\u00f3nsul Piero Vaira y el Gobernador de Mendoza Alfredo Cornejo. De la reuni\u00f3n participaron el Ministro de Gobierno Lisandro Nieri y la Ministra de Hacienda Mar\u00eda Paula Allasino. Se profundizaron temas de cooperaci\u00f3n y de amistad rec\u00edprocas.","protected":false},"author":1,"featured_media":0,"comment_status":"","ping_status":"","sticky":false,"template":"","format":"standard","meta":{"footnotes":""},"tags":[],"class_list":["post-907","post","type-post","status-publish","format-standard","hentry"],"_links":{"self":[{"href":"https:\/\/consmendoza.esteri.it\/es\/wp-json\/wp\/v2\/posts\/907","targetHints":{"allow":["GET"]}}],"collection":[{"href":"https:\/\/consmendoza.esteri.it\/es\/wp-json\/wp\/v2\/posts"}],"about":[{"href":"https:\/\/consmendoza.esteri.it\/es\/wp-json\/wp\/v2\/types\/post"}],"author":[{"embeddable":true,"href":"https:\/\/consmendoza.esteri.it\/es\/wp-json\/wp\/v2\/users\/1"}],"replies":[{"embeddable":true,"href":"https:\/\/consmendoza.esteri.it\/es\/wp-json\/wp\/v2\/comments?post=907"}],"version-history":[{"count":0,"href":"https:\/\/consmendoza.esteri.it\/es\/wp-json\/wp\/v2\/posts\/907\/revisions"}],"wp:attachment":[{"href":"https:\/\/consmendoza.esteri.it\/es\/wp-json\/wp\/v2\/media?parent=907"}],"wp:term":[{"taxonomy":"post_tag","embeddable":true,"href":"https:\/\/consmendoza.esteri.it\/es\/wp-json\/wp\/v2\/tags?post=907"}],"curies":[{"name":"wp","href":"https:\/\/api.w.org\/{rel}","templated":true}]}}