{"id":909,"date":"2019-10-01T13:33:27","date_gmt":"2019-10-01T16:33:27","guid":{"rendered":"https:\/\/consmendoza.esteri.it\/news\/dal_consolato\/2019\/10\/risultati-del-concorso-italia-fanfiction-2\/"},"modified":"2019-10-01T13:33:27","modified_gmt":"2019-10-01T16:33:27","slug":"risultati-del-concorso-italia-fanfiction-2","status":"publish","type":"post","link":"https:\/\/consmendoza.esteri.it\/es\/news\/dal_consolato\/2019\/10\/risultati-del-concorso-italia-fanfiction-2\/","title":{"rendered":"RESULTADOS DEL CERTAMEN \u201cITALIA FANFICTION\u201d LA ITALIA DE HOY SEGUN LOS J\u00d3VENES ESTUDIANTES DE MENDOZA"},"content":{"rendered":"<p>Se realiz\u00f3 en las terrazas de la Escuela de M\u00fasica de la Facultad de Artes y Dise\u00f1o de la Universidad Nacional de Cuyo, la ceremonia de premiaci\u00f3n del Primer certamen de cortometrajes \u201cITALIA FANFICTION &#8211; Deconstrucci\u00f3n del imaginario de Italia desde la mirada inmigratoria, para entenderla desde la Italia real de hoy\u201d. El mismo fue fruto de la colaboraci\u00f3n entre distintos organismos de la Universidad, con el apoyo del Consulado de Italia en Mendoza y por iniciativa de los j\u00f3venes italianos estudiantes de intercambio provenientes de la Universidad para Extranjeros de Siena, Albert Verdese y Valentina Rocco, quienes se encuentran en nuestra provincia desde fines del a\u00f1o pasado.<\/p>\n<p>Una gran cantidad de participantes en dos categor\u00edas, entre estudiantes universitarios y de escuelas secundarias de la provincia de Mendoza, hicieron de este concurso una idea para repetir. Los resultados as\u00ed lo demostraron: 30 cortometrajes presentados; premios muy estimulantes para los ganadores como un viaje a Italia ida y vuelta con un curso de cultura italiana en la Universidad para Extranjeros de Siena y celulares con tecnolog\u00eda para crear videos; capacitaciones en las escuelas secundarias sobre tecnolog\u00eda audiovisual y un concurso entre los estudiantes de la facultad de Artes y Dise\u00f1o para la creaci\u00f3n de la estatuilla.<\/p>\n<p>Luego de cocktail de bienvenida, se proyectaron los cortos ganadores y acto seguido se desarroll\u00f3 la entrega de premios de manos del decano de la Facultad de Artes y Dise\u00f1o, Arturo Tascheret y del C\u00f3nsul Piero Vaira, quien qued\u00f3 gratamente sorprendido por las ideas presentadas en el certamen.<\/p>\n<p>\u00a0<\/p>\n<p>\u00a0<\/p>\n<p><img decoding=\"async\" src=\"resource\/img\/2019\/10\/img_2258_3.jpg\" alt=\"img 2258 3\" \/><\/p>\n","protected":false},"excerpt":{"rendered":"Se realiz\u00f3 en las terrazas de la Escuela de M\u00fasica de la Facultad de Artes y Dise\u00f1o de la Universidad Nacional de Cuyo, la ceremonia de premiaci\u00f3n del Primer certamen de cortometrajes \u201cITALIA FANFICTION &#8211; Deconstrucci\u00f3n del imaginario de Italia desde la mirada inmigratoria, para entenderla desde la Italia real de hoy\u201d. El mismo fue [&hellip;]","protected":false},"author":1,"featured_media":0,"comment_status":"","ping_status":"","sticky":false,"template":"","format":"standard","meta":{"footnotes":""},"tags":[],"class_list":["post-909","post","type-post","status-publish","format-standard","hentry"],"_links":{"self":[{"href":"https:\/\/consmendoza.esteri.it\/es\/wp-json\/wp\/v2\/posts\/909","targetHints":{"allow":["GET"]}}],"collection":[{"href":"https:\/\/consmendoza.esteri.it\/es\/wp-json\/wp\/v2\/posts"}],"about":[{"href":"https:\/\/consmendoza.esteri.it\/es\/wp-json\/wp\/v2\/types\/post"}],"author":[{"embeddable":true,"href":"https:\/\/consmendoza.esteri.it\/es\/wp-json\/wp\/v2\/users\/1"}],"replies":[{"embeddable":true,"href":"https:\/\/consmendoza.esteri.it\/es\/wp-json\/wp\/v2\/comments?post=909"}],"version-history":[{"count":0,"href":"https:\/\/consmendoza.esteri.it\/es\/wp-json\/wp\/v2\/posts\/909\/revisions"}],"wp:attachment":[{"href":"https:\/\/consmendoza.esteri.it\/es\/wp-json\/wp\/v2\/media?parent=909"}],"wp:term":[{"taxonomy":"post_tag","embeddable":true,"href":"https:\/\/consmendoza.esteri.it\/es\/wp-json\/wp\/v2\/tags?post=909"}],"curies":[{"name":"wp","href":"https:\/\/api.w.org\/{rel}","templated":true}]}}