{"id":731,"date":"2020-10-08T17:28:38","date_gmt":"2020-10-08T20:28:38","guid":{"rendered":"https:\/\/consmendoza.esteri.it\/news\/dal_consolato\/2020\/10\/carasdeitalia-omaggio-ad-amedeo\/"},"modified":"2020-10-08T17:28:38","modified_gmt":"2020-10-08T20:28:38","slug":"carasdeitalia-omaggio-ad-amedeo","status":"publish","type":"post","link":"https:\/\/consmendoza.esteri.it\/it\/news\/dal_consolato\/2020\/10\/carasdeitalia-omaggio-ad-amedeo\/","title":{"rendered":"CARAsdeITALIA &#8211; Omaggio ad Amedeo Modigliani &#8211; VIDEO"},"content":{"rendered":"<p style=\"text-align: center;\"><img loading=\"lazy\" decoding=\"async\" style=\"width: 612px; height: 148px;\" src=\"resource\/img\/2020\/10\/caras-de-italia-entrega-28mayo-03_-_baja.jpg\" alt=\"caras de italia entrega 28mayo 03 baja\" width=\"1140\" height=\"641\" \/><\/p>\n<p style=\"text-align: center;\"><strong>CARAsdeITALIA &#8211;\u00a0Omaggio ad Amedeo Modigliani &#8211; VIDEO<\/strong><\/p>\n<p style=\"text-align: center;\"><em>&#8220;Il tuo dovere reale \u00e8 di salvare il tuo sogno. La Bellezza ha anche dei doveri dolorosi: creano per\u00f2 i pi\u00f9 belli sforzi dell\u2019anima&#8221; (Amedeo Modigliani).<\/em><\/p>\n<p>\u00a0<\/p>\n<p>Nell&#8217;ambito del ciclo di arte, cultura e scienza <strong>\u201cCARAsdeITALIA\u201d<\/strong> presentato dalla nostra <strong>Ambasciata d&#8217;Italia in Argentina<\/strong>, vi presentiamo un omaggio al grande artista Amedeo Modigliani nel centenario della morte, avvenuta in Francia nel 1920. Uno dei protagonisti di &#8220;essere, pensare e creare in modo italiano&#8221;<\/p>\n<p>Seguiteci anche su <strong><a href=\"https:\/\/twitter.com\/ItaliaEnMendoza\">Twitter<\/a><\/strong> per non perdere gli aggiornamenti!<\/p>\n<p>\u00a0<\/p>\n<p>Per visualizzare il video, <strong><a href=\"https:\/\/www.youtube.com\/watch?v=cbPApk93zCk&#038;feature=youtu.be\">clicca qui<\/a><\/strong><\/p>\n<p>\u00a0<\/p>\n<p><img loading=\"lazy\" decoding=\"async\" style=\"width: 714px; height: 823px;\" src=\"resource\/img\/2020\/10\/modiggg.jpeg\" alt=\"modiggg\" width=\"1280\" height=\"1279\" \/><\/p>\n<p>\u00a0<\/p>\n<p>\u00a0<\/p>\n<p>\u00a0<\/p>\n<p>\u00a0<\/p>\n","protected":false},"excerpt":{"rendered":"CARAsdeITALIA &#8211;\u00a0Omaggio ad Amedeo Modigliani &#8211; VIDEO &#8220;Il tuo dovere reale \u00e8 di salvare il tuo sogno. La Bellezza ha anche dei doveri dolorosi: creano per\u00f2 i pi\u00f9 belli sforzi dell\u2019anima&#8221; (Amedeo Modigliani). \u00a0 Nell&#8217;ambito del ciclo di arte, cultura e scienza \u201cCARAsdeITALIA\u201d presentato dalla nostra Ambasciata d&#8217;Italia in Argentina, vi presentiamo un omaggio al [&hellip;]","protected":false},"author":1,"featured_media":0,"comment_status":"","ping_status":"","sticky":false,"template":"","format":"standard","meta":{"footnotes":""},"tags":[],"class_list":["post-731","post","type-post","status-publish","format-standard","hentry"],"_links":{"self":[{"href":"https:\/\/consmendoza.esteri.it\/it\/wp-json\/wp\/v2\/posts\/731","targetHints":{"allow":["GET"]}}],"collection":[{"href":"https:\/\/consmendoza.esteri.it\/it\/wp-json\/wp\/v2\/posts"}],"about":[{"href":"https:\/\/consmendoza.esteri.it\/it\/wp-json\/wp\/v2\/types\/post"}],"author":[{"embeddable":true,"href":"https:\/\/consmendoza.esteri.it\/it\/wp-json\/wp\/v2\/users\/1"}],"replies":[{"embeddable":true,"href":"https:\/\/consmendoza.esteri.it\/it\/wp-json\/wp\/v2\/comments?post=731"}],"version-history":[{"count":0,"href":"https:\/\/consmendoza.esteri.it\/it\/wp-json\/wp\/v2\/posts\/731\/revisions"}],"wp:attachment":[{"href":"https:\/\/consmendoza.esteri.it\/it\/wp-json\/wp\/v2\/media?parent=731"}],"wp:term":[{"taxonomy":"post_tag","embeddable":true,"href":"https:\/\/consmendoza.esteri.it\/it\/wp-json\/wp\/v2\/tags?post=731"}],"curies":[{"name":"wp","href":"https:\/\/api.w.org\/{rel}","templated":true}]}}